{"id":5253,"date":"2024-06-11T14:59:42","date_gmt":"2024-06-11T13:59:42","guid":{"rendered":"https:\/\/www.dirkhagen.eu\/WordPress_01\/?p=5253"},"modified":"2024-07-12T14:02:52","modified_gmt":"2024-07-12T13:02:52","slug":"europawahl-und-was-sie-uns-sagt","status":"publish","type":"post","link":"https:\/\/www.dirkhagen.eu\/WordPress_01\/?p=5253","title":{"rendered":"Europawahl und was sie uns sagt"},"content":{"rendered":"<p>Die gerade stattgefundene Europawahl ist eine Klatsche f\u00fcr die sogenannten demokratischen Parteien (ich w\u00fcrde sagen: alteingesessenen) mit Ausnahme der CDU\/CSU, hier gab es leichte Gewinne (+1,1%) und sie wurde die st\u00e4rkste Kraft. Ansonsten haben die AFD und das BSW (AFD +4,9% und BSW [streng genommen] 6,2%) hinzu gewonnen. Gr\u00fcne, SPD und FDP haben Anteile verloren. Und das ist die Regierung! Spannend sind die Erkl\u00e4rungsversuche, warum, wieso, weshalb. Der B\u00fcrger wurde nicht mitgenommen, man hat die Politik nicht gut erkl\u00e4rt, der B\u00fcrger ist mit der komplexen Welt \u00fcberfordert (und wahrscheinlich nicht so klug), die \u201cAFD hat leichte Antworten\u201d und selbstverst\u00e4ndlich hat der Angriffskrieg Russlands und die damit verbundenen Energiepreise einen riesigen Anteil an der Misere. Hierzu ist ganz klar zu sagen, es war die BRD, welche entschied, kein russisches Gas mehr abzunehmen.<\/p>\n<p>Auf die eigentlich naheliegendste Idee kommt niemand. Denn das Auftauchen von Parteien, die einem nicht genehm sind, ist eigentlich eine Aufforderung an Regierungsparteien jeglicher Couleur,  eine Politik zu machen, zu der der B\u00fcrger nur noch sagen kann:\u201d Das sind meine Leute. Die machen Politik f\u00fcr mich. Die mu\u00df ich beim n\u00e4chsten Mal w\u00e4hlen\u201d. Aber was tun Regierungsparteien in der BRD? Sie machen ihren Stiefel weiter. Als Abwehr verunglimpfen sie den politischen Gegner, schieben ihn in die rechte Ecke und trichtern dem W\u00e4hler ein:\u201d Wenn du die w\u00e4hlst, bist Du ein Nazi.\u201d Das hat schon bei Corona geklappt. Auf Dauer hilft das aber nicht. Und das kann man meiner Meinung nach ziemlich  gut an den Ergebnissen dieser Europawahl sehen. <\/p>\n<p>Denn die Mitteilung Frau Baerbocks, da\u00df ihr ihre W\u00e4hler egal seien, die bei mir den Eindruck erweckt, sie sei als K\u00f6nigin auf Zeit gew\u00e4hlt, die Versuche, z.B. in Berlin die Ergebnisse von Volksentscheiden zu ignorieren (Deutsche Wohnen und Co enteignen) oder zu kippen (Bebauung Tempelhofer Feld), sind jetzt f\u00fcr demokratische W\u00e4hler keine echten Lockargumente.  Und eigentlich kann man sich als B\u00fcrger nicht st\u00e4rker in Politik einmischen oder beteiligen, als an einem Volksentscheid teilzunehmen, was ja st\u00e4ndig gefordert wird. Aber wahrscheinlich ist mit Beteiligung lediglich gemeint, die <strong>richtige<\/strong> Partei zu w\u00e4hlen und sich dann rauszuhalten. Solange sich die Mitglieder der Regierungsparteien gerieren, als seien sie die Erziehungsberechtigten der B\u00fcrger, wird es wahrscheinlich noch schlimmer werden. Solange sie nicht begreifen, da\u00df sie lediglich Prokuristen sind. Sie haben Zeichnungs- und Handlungsvollmacht! Aber im Namen des Chef\u00b4s. Und der ist der B\u00fcrger!<\/p>\n<p>Und nur, da\u00df wir uns nicht falsch verstehen. Ich habe mit der AFD nichts am Hut. Ich halte Sie in gro\u00dfen Teilen f\u00fcr rechts. Aber das l\u00f6st das Problem nicht. Sie ist nicht verboten, sie wird im Osten von 1\/3 gew\u00e4hlt. Sie jetzt zu verbieten, ist zu sp\u00e4t. Man schafft M\u00e4rtyrer. Also bek\u00e4mpft sie! und zwar mit Politik, nicht mit Phrasen!<\/p>\n<p>Und h\u00f6rt auf. das BSW mit der AFD in einen Topf zu werfen!<\/p>\n","protected":false},"excerpt":{"rendered":"<p>Die gerade stattgefundene Europawahl ist eine Klatsche f\u00fcr die sogenannten demokratischen Parteien (ich w\u00fcrde sagen: alteingesessenen) mit Ausnahme der CDU\/CSU, hier gab es leichte Gewinne (+1,1%) und sie wurde die st\u00e4rkste Kraft. Ansonsten haben die AFD und das BSW (AFD +4,9% und BSW [streng genommen] 6,2%) hinzu gewonnen. Gr\u00fcne, SPD und FDP haben Anteile verloren. Und das ist die Regierung! Spannend sind die Erkl\u00e4rungsversuche, warum, wieso, weshalb. Der B\u00fcrger wurde nicht mitgenommen, man hat die Politik nicht gut erkl\u00e4rt, der&#8230;<\/p>\n<p class=\"read-more\"><a class=\"btn btn-default\" href=\"https:\/\/www.dirkhagen.eu\/WordPress_01\/?p=5253\">Weiterlesen<span class=\"screen-reader-text\"> Weiterlesen<\/span><\/a><\/p>\n","protected":false},"author":4,"featured_media":0,"comment_status":"open","ping_status":"open","sticky":false,"template":"","format":"standard","meta":{"footnotes":""},"categories":[4],"tags":[],"class_list":["post-5253","post","type-post","status-publish","format-standard","hentry","category-politik"],"_links":{"self":[{"href":"https:\/\/www.dirkhagen.eu\/WordPress_01\/index.php?rest_route=\/wp\/v2\/posts\/5253","targetHints":{"allow":["GET"]}}],"collection":[{"href":"https:\/\/www.dirkhagen.eu\/WordPress_01\/index.php?rest_route=\/wp\/v2\/posts"}],"about":[{"href":"https:\/\/www.dirkhagen.eu\/WordPress_01\/index.php?rest_route=\/wp\/v2\/types\/post"}],"author":[{"embeddable":true,"href":"https:\/\/www.dirkhagen.eu\/WordPress_01\/index.php?rest_route=\/wp\/v2\/users\/4"}],"replies":[{"embeddable":true,"href":"https:\/\/www.dirkhagen.eu\/WordPress_01\/index.php?rest_route=%2Fwp%2Fv2%2Fcomments&post=5253"}],"version-history":[{"count":5,"href":"https:\/\/www.dirkhagen.eu\/WordPress_01\/index.php?rest_route=\/wp\/v2\/posts\/5253\/revisions"}],"predecessor-version":[{"id":5329,"href":"https:\/\/www.dirkhagen.eu\/WordPress_01\/index.php?rest_route=\/wp\/v2\/posts\/5253\/revisions\/5329"}],"wp:attachment":[{"href":"https:\/\/www.dirkhagen.eu\/WordPress_01\/index.php?rest_route=%2Fwp%2Fv2%2Fmedia&parent=5253"}],"wp:term":[{"taxonomy":"category","embeddable":true,"href":"https:\/\/www.dirkhagen.eu\/WordPress_01\/index.php?rest_route=%2Fwp%2Fv2%2Fcategories&post=5253"},{"taxonomy":"post_tag","embeddable":true,"href":"https:\/\/www.dirkhagen.eu\/WordPress_01\/index.php?rest_route=%2Fwp%2Fv2%2Ftags&post=5253"}],"curies":[{"name":"wp","href":"https:\/\/api.w.org\/{rel}","templated":true}]}}