{"id":5289,"date":"2024-07-02T21:31:16","date_gmt":"2024-07-02T20:31:16","guid":{"rendered":"https:\/\/www.dirkhagen.eu\/WordPress_01\/?p=5289"},"modified":"2024-07-04T22:16:26","modified_gmt":"2024-07-04T21:16:26","slug":"sagt-einem-der-name-werner-egk-etwas-und-dann-ein-weiter-bogen-zu-netrebko-putin-nawalny-der-krim-und-der-drehrichtung-der-welt","status":"publish","type":"post","link":"https:\/\/www.dirkhagen.eu\/WordPress_01\/?p=5289","title":{"rendered":"Sagt einem der Name Werner Egk etwas? Und dann ein weiter Bogen zu Netrebko, Putin, Nawalny, der Krim und der Drehrichtung der Welt"},"content":{"rendered":"<p align=\"left\">Werner Egk ist lt. Wikipedia 1901 als Werner Joseph Mayer geboren und 1983 gestorben. Er war Komponist. Bis hierher kein Problem. Nach ihm ist (war) eine Musikschule benannt sowie diverse Stra\u00dfen und Pl\u00e4tze. Er war Ehrenb\u00fcrger der Stadt Donauw\u00f6rth und bekam nach seinem Tod ein Ehrengrab. Nun k\u00f6nnte man dar\u00fcber stolpern, da\u00df er auch in der Zeit zwischen 1933 und 1945 ein umfangreiches Werk schuf. Tat man aber nicht. Man ging davon aus, da\u00df er in der Nazizeit ein opportunistischer Nutznie\u00dfer war. Aber kein Nazi. Jetzt kommt bei einer neuen Studie heraus, da\u00df Egk doch ein Nazi und vor allem ein Antisemit war. Die Konsequenz daraus? Die nach ihm benannte Musikschule wird umbenannt, der Werner-Egk-Kulturpreis nicht mehr vergeben, das Museum ihm zu Ehren wird \u00fcberarbeitet. Seinem Ehrengrab soll der Status aberkannt werden. Der Werner-Egk-Platz in Donauw\u00f6rth, die Zaubergeigenstra\u00dfe (geht auf sein Werk zur\u00fcck) bleiben erhalten. Genauso, wie die Werner-Egk-B\u00fcste in Auchsesheim und der Zaubergeigenbrunnen in Donauw\u00f6rth bleiben erhalten. Teilweise sollen Sie mit einer Erkl\u00e4rung versehen werden.<\/p>\n<p align=\"left\">Nachlesen kann man das Ganze hier: <a title=\"https:\/\/www.n-tv.de\/regionales\/bayern\/Stadt-Donauwoerth-distanziert-sich-von-Ehrenbuerger-Werner-Egk-article25048734.html\" href=\"https:\/\/www.n-tv.de\/regionales\/bayern\/Stadt-Donauwoerth-distanziert-sich-von-Ehrenbuerger-Werner-Egk-article25048734.html\">https:\/\/www.n-tv.de\/regionales\/bayern\/Stadt-Donauwoerth-distanziert-sich-von-Ehrenbuerger-Werner-Egk-article25048734.html<\/a> und hier: <a title=\"https:\/\/www.tagesschau.de\/inland\/regional\/bayern\/br-antisemitismus-donauwoerth-benennt-werner-egk-musikschule-um-102.html\" href=\"https:\/\/www.tagesschau.de\/inland\/regional\/bayern\/br-antisemitismus-donauwoerth-benennt-werner-egk-musikschule-um-102.html\">https:\/\/www.tagesschau.de\/inland\/regional\/bayern\/br-antisemitismus-donauwoerth-benennt-werner-egk-musikschule-um-102.html<\/a> . <\/p>\n<p align=\"left\">Ich halte fest: Ein Nutznie\u00dfer der Nazis zu sein, ist offensichtlich nicht schlimm.&nbsp; Wenn sich die Sache dann irgendwann anders darstellt, kommt es zu einem halbherzigen \u201cKommando zur\u00fcck\u201d. Spannend ist daran auch, da\u00df die Einsch\u00e4tzung,&nbsp; er sei ein Antisemit gewesen, zu gro\u00dfen Teilen im Stadtarchiv der Stadt Donauw\u00f6rth nachzulesen war. Hat nur niemand getan. Oder niemand dr\u00fcber geredet.<\/p>\n<p align=\"left\">Anna Netrebko, einer russischen Operns\u00e4ngerin, drohte die Absage von diversen Auftritten, weil sie sich nach Beginn des Ukrainekrieges nicht deutlich von Wladimir Putin distanzierte. Etwas \u00fcberspitzt formuliert sollte sie sagen:\u201d Putin ist ein Arsch\u201d. Sie verurteilte \u201clediglich\u201d den Ukrainekrieg. Auch wurde ihr vorgeworfen, die Besetzung der Krim nicht verurteilt zu haben (<a title=\"https:\/\/www.tagesschau.de\/inland\/gesellschaft\/netrebko-berlin-100.html\" href=\"https:\/\/www.tagesschau.de\/inland\/gesellschaft\/netrebko-berlin-100.html\">https:\/\/www.tagesschau.de\/inland\/gesellschaft\/netrebko-berlin-100.html<\/a> ) . <\/p>\n<p align=\"left\">Da \u00fcberlege ich doch, ob Putin und sein Russland schlimmer ist, als die Nazis, die einen Krieg mit 50 Millionen (50.000.000) Toten entfesselten und 6 Millionen Juden umbrachte. Und h\u00e4tten die Alliierten (auch die Sowjetunion!) die Nazi\u00b4s, uns Deutsche, nicht gestoppt, h\u00e4tten die Nazi\u00b4s (das Deutsche Reich) die Juden ausgel\u00f6scht. Das war der Plan, welcher Gottseidank nicht aufging. (Ich wei\u00df oft nicht, warum ich stolz sein sollte, ein Deutscher zu sein. Denn f\u00fcr Goethe und Co kann ich nichts, ist nicht mein Verdienst. Aber ich wei\u00df, wof\u00fcr ich mich sch\u00e4me und um Verzeihung bitte als Deutscher.)<\/p>\n<p align=\"left\">Im \u00fcbrigen hat auch Alexei Nawalnyj die Annektion der Krim nicht deutlich verurteilt. Ganz im Gegenteil. In einem Interview 2014 sagte er auf die Frage &#8222;<em>Krim nasch?&#8220;<\/em> (Ist die Krim unser?) &#8222;<em>Ich finde, dass obwohl die Krim unter eklatanten Verst\u00f6\u00dfen gegen alle v\u00f6lkerrechtlichen Normen erobert wurde, die Realien derart sind, dass die Krim jetzt ein Teil der Russischen F\u00f6deration ist. Machen wir uns doch nichts vor. Den Ukrainern rate ich ebenfalls ausdr\u00fccklich, sich nichts vorzumachen. Sie [die Krim, Anm. d. Red.] bleibt Teil Russlands und wird in absehbarer Zukunft kein Teil der Ukraine werden.&#8220;<\/em> (<a title=\"https:\/\/www.bpb.de\/themen\/europa\/russland-analysen\/nr-284\/194049\/aus-russischen-blogs-nawalnyj-krim-nasch\/\" href=\"https:\/\/www.bpb.de\/themen\/europa\/russland-analysen\/nr-284\/194049\/aus-russischen-blogs-nawalnyj-krim-nasch\/\">https:\/\/www.bpb.de\/themen\/europa\/russland-analysen\/nr-284\/194049\/aus-russischen-blogs-nawalnyj-krim-nasch\/<\/a>). Und dennoch ist er ein Held.<\/p>\n<p align=\"left\">Ich finde, die Welt dreht sich in die falsche Richtung.<\/p>\n<p align=\"left\"><\/p>\n<p align=\"left\"><\/p>\n<p align=\"left\"><\/p>\n<p align=\"left\"><\/p>\n<p align=\"left\">\n","protected":false},"excerpt":{"rendered":"<p>Werner Egk ist lt. Wikipedia 1901 als Werner Joseph Mayer geboren und 1983 gestorben. Er war Komponist. Bis hierher kein Problem. Nach ihm ist (war) eine Musikschule benannt sowie diverse Stra\u00dfen und Pl\u00e4tze. Er war Ehrenb\u00fcrger der Stadt Donauw\u00f6rth und bekam nach seinem Tod ein Ehrengrab. Nun k\u00f6nnte man dar\u00fcber stolpern, da\u00df er auch in der Zeit zwischen 1933 und 1945 ein umfangreiches Werk schuf. Tat man aber nicht. Man ging davon aus, da\u00df er in der Nazizeit ein opportunistischer&#8230;<\/p>\n<p class=\"read-more\"><a class=\"btn btn-default\" href=\"https:\/\/www.dirkhagen.eu\/WordPress_01\/?p=5289\">Weiterlesen<span class=\"screen-reader-text\"> Weiterlesen<\/span><\/a><\/p>\n","protected":false},"author":4,"featured_media":0,"comment_status":"open","ping_status":"open","sticky":false,"template":"","format":"standard","meta":{"footnotes":""},"categories":[31],"tags":[],"class_list":["post-5289","post","type-post","status-publish","format-standard","hentry","category-russland"],"_links":{"self":[{"href":"https:\/\/www.dirkhagen.eu\/WordPress_01\/index.php?rest_route=\/wp\/v2\/posts\/5289","targetHints":{"allow":["GET"]}}],"collection":[{"href":"https:\/\/www.dirkhagen.eu\/WordPress_01\/index.php?rest_route=\/wp\/v2\/posts"}],"about":[{"href":"https:\/\/www.dirkhagen.eu\/WordPress_01\/index.php?rest_route=\/wp\/v2\/types\/post"}],"author":[{"embeddable":true,"href":"https:\/\/www.dirkhagen.eu\/WordPress_01\/index.php?rest_route=\/wp\/v2\/users\/4"}],"replies":[{"embeddable":true,"href":"https:\/\/www.dirkhagen.eu\/WordPress_01\/index.php?rest_route=%2Fwp%2Fv2%2Fcomments&post=5289"}],"version-history":[{"count":6,"href":"https:\/\/www.dirkhagen.eu\/WordPress_01\/index.php?rest_route=\/wp\/v2\/posts\/5289\/revisions"}],"predecessor-version":[{"id":5316,"href":"https:\/\/www.dirkhagen.eu\/WordPress_01\/index.php?rest_route=\/wp\/v2\/posts\/5289\/revisions\/5316"}],"wp:attachment":[{"href":"https:\/\/www.dirkhagen.eu\/WordPress_01\/index.php?rest_route=%2Fwp%2Fv2%2Fmedia&parent=5289"}],"wp:term":[{"taxonomy":"category","embeddable":true,"href":"https:\/\/www.dirkhagen.eu\/WordPress_01\/index.php?rest_route=%2Fwp%2Fv2%2Fcategories&post=5289"},{"taxonomy":"post_tag","embeddable":true,"href":"https:\/\/www.dirkhagen.eu\/WordPress_01\/index.php?rest_route=%2Fwp%2Fv2%2Ftags&post=5289"}],"curies":[{"name":"wp","href":"https:\/\/api.w.org\/{rel}","templated":true}]}}