{"id":5685,"date":"2024-12-08T10:24:44","date_gmt":"2024-12-08T09:24:44","guid":{"rendered":"https:\/\/www.dirkhagen.eu\/WordPress_01\/?p=5685"},"modified":"2025-01-05T17:53:09","modified_gmt":"2025-01-05T16:53:09","slug":"unabhngige-presse","status":"publish","type":"post","link":"https:\/\/www.dirkhagen.eu\/WordPress_01\/?p=5685","title":{"rendered":"unabh&auml;ngige Presse"},"content":{"rendered":"<p><font size=\"3\"><a href=\"https:\/\/www.tagesschau.de\/ausland\/europa\/osze-lawrow-kritik-100.html\" target=\"_blank\" rel=\"noopener\">https:\/\/www.tagesschau.de\/ausland\/europa\/osze-lawrow-kritik-100.html<\/a>&nbsp; <\/font><\/p>\n<p><font size=\"3\">Unter dem obigen Link ist ein Zitat zu finden, welches aus eine Rede Frau Baerbocks stammt. So zumindest die Lesart der ARD-Redaktion. Es lautet:\u201d den 1,3 Milliarden Menschen in der OSZE-Region\u201d, gleich im ersten Absatz. In Wirklichkeit sagte sie:\u201d &#8230;den 1,3 Milliarden Menschen in Europa\u201d. Die ARD hat es korrigiert und in Anf\u00fchrungszeichen gesetzt. <\/font><\/p>\n<p><font size=\"3\">Bei allem Respekt, es ist nicht Aufgabe der Medien, Aussagen von Politikern zu korrigieren und so zu tun, als h\u00e4tte sie keinen Quatsch erz\u00e4hlt. Das tut bei Donald Trump ja auch niemand. Warum also bei Frau Baerbock? Wann also kann ich Euch trauen?<\/font><\/p>\n<p><font size=\"3\">Ich bekomme immer mehr das Gef\u00fchl, als w\u00fcrden die \u201cetablierten\u201d Medien die Rolle des Neuen Deutschlands in der DDR einnehmen.<\/font><\/p>\n<p><font size=\"3\">Ihr verliert mich immer mehr. Und wenn ich mir die Umfragen in diesem Land ansehe, glaube ich, das gilt nicht nur f\u00fcr mich.<\/font><\/p>\n<p><font size=\"3\"><br \/><\/font><\/p>\n<p><font size=\"3\">Update vom 05.01.2025<\/font><\/p>\n<p><font size=\"3\">Die ARD hat den Artikel <strong>angepa\u00dft<\/strong>. Sie hat die w\u00f6rtliche Rede von den 1,3 Milliarden Menschen in Europa rausgenommen und den Satz nun nicht mehr in Anf\u00fchrungszeichen gesetzt. Nun wird das Redemanuskript zitiert. und in dem hei\u00dft es korrekt: <em>\u201cden 1,3 Milliarden Menschen in der OSZE-Region\u201d<\/em> .<\/font><\/p>\n<p><font size=\"3\">Dann hat man wie \u00fcblich eine Richtigstellung an das Ende des Artikels gestellt:<\/font><\/p>\n<p><em>In fr\u00fcheren Versionen des Textes hatten wir zun\u00e4chst Baerbocks w\u00f6rtliches Zitat &#8222;&#8230; den 1,3 Milliarden Menschen in Europa&#8220; und danach &#8211; weil es sachlich falsch war &#8211; ihr Zitat aus dem Redemanuskript: &#8222;&#8230; den 1,3 Milliarden Menschen in der OSZE-Region&#8220; wiedergegeben. Dabei orientierten wir uns an der Nachrichtenagentur dpa als Quelle. Um jedoch transparent zu sein, sind wir nun zur urspr\u00fcnglichen w\u00f6rtlichen Rede zur\u00fcckkehrt und haben den Hintergrund gem\u00e4\u00df einer erneuten Korrektur der dpa oben im Text erkl\u00e4rt. Wir bitten den Fehler zu entschuldigen.<\/em> <\/p>\n<p>Man sollte Screenshots machen. Das kann doch irgendwie nicht wahr sein.<\/p>\n","protected":false},"excerpt":{"rendered":"<p>https:\/\/www.tagesschau.de\/ausland\/europa\/osze-lawrow-kritik-100.html&nbsp; Unter dem obigen Link ist ein Zitat zu finden, welches aus eine Rede Frau Baerbocks stammt. So zumindest die Lesart der ARD-Redaktion. Es lautet:\u201d den 1,3 Milliarden Menschen in der OSZE-Region\u201d, gleich im ersten Absatz. In Wirklichkeit sagte sie:\u201d &#8230;den 1,3 Milliarden Menschen in Europa\u201d. Die ARD hat es korrigiert und in Anf\u00fchrungszeichen gesetzt. Bei allem Respekt, es ist nicht Aufgabe der Medien, Aussagen von Politikern zu korrigieren und so zu tun, als h\u00e4tte sie keinen Quatsch erz\u00e4hlt. Das&#8230;<\/p>\n<p class=\"read-more\"><a class=\"btn btn-default\" href=\"https:\/\/www.dirkhagen.eu\/WordPress_01\/?p=5685\">Weiterlesen<span class=\"screen-reader-text\"> Weiterlesen<\/span><\/a><\/p>\n","protected":false},"author":4,"featured_media":0,"comment_status":"open","ping_status":"open","sticky":false,"template":"","format":"standard","meta":{"footnotes":""},"categories":[13,4],"tags":[],"class_list":["post-5685","post","type-post","status-publish","format-standard","hentry","category-penner-on-tour","category-politik"],"_links":{"self":[{"href":"https:\/\/www.dirkhagen.eu\/WordPress_01\/index.php?rest_route=\/wp\/v2\/posts\/5685","targetHints":{"allow":["GET"]}}],"collection":[{"href":"https:\/\/www.dirkhagen.eu\/WordPress_01\/index.php?rest_route=\/wp\/v2\/posts"}],"about":[{"href":"https:\/\/www.dirkhagen.eu\/WordPress_01\/index.php?rest_route=\/wp\/v2\/types\/post"}],"author":[{"embeddable":true,"href":"https:\/\/www.dirkhagen.eu\/WordPress_01\/index.php?rest_route=\/wp\/v2\/users\/4"}],"replies":[{"embeddable":true,"href":"https:\/\/www.dirkhagen.eu\/WordPress_01\/index.php?rest_route=%2Fwp%2Fv2%2Fcomments&post=5685"}],"version-history":[{"count":3,"href":"https:\/\/www.dirkhagen.eu\/WordPress_01\/index.php?rest_route=\/wp\/v2\/posts\/5685\/revisions"}],"predecessor-version":[{"id":5707,"href":"https:\/\/www.dirkhagen.eu\/WordPress_01\/index.php?rest_route=\/wp\/v2\/posts\/5685\/revisions\/5707"}],"wp:attachment":[{"href":"https:\/\/www.dirkhagen.eu\/WordPress_01\/index.php?rest_route=%2Fwp%2Fv2%2Fmedia&parent=5685"}],"wp:term":[{"taxonomy":"category","embeddable":true,"href":"https:\/\/www.dirkhagen.eu\/WordPress_01\/index.php?rest_route=%2Fwp%2Fv2%2Fcategories&post=5685"},{"taxonomy":"post_tag","embeddable":true,"href":"https:\/\/www.dirkhagen.eu\/WordPress_01\/index.php?rest_route=%2Fwp%2Fv2%2Ftags&post=5685"}],"curies":[{"name":"wp","href":"https:\/\/api.w.org\/{rel}","templated":true}]}}