{"id":5718,"date":"2025-02-15T17:33:21","date_gmt":"2025-02-15T16:33:21","guid":{"rendered":"https:\/\/www.dirkhagen.eu\/WordPress_01\/?p=5718"},"modified":"2025-02-15T17:33:21","modified_gmt":"2025-02-15T16:33:21","slug":"usa-usa-usa","status":"publish","type":"post","link":"https:\/\/www.dirkhagen.eu\/WordPress_01\/?p=5718","title":{"rendered":"USA, USA, USA"},"content":{"rendered":"<p><font size=\"3\">Donald Trump erkl\u00e4rte den 9 Februar zum Tag des Golf\u00b4s<\/font>&nbsp; <font size=\"3\">von Amerika. Da war ich doch versucht, die Forderung zu erheben, diesen Tag in der BRD als offiziellen Feiertag einzuf\u00fchren. Tcha, vor der M\u00fcnchener Sicherheitskonferenz w\u00e4re ich damit vielleicht noch durchgekommen. Aber heute? Nun stellt sich aber doch Trump\u00b4s Buddy und Vizepr\u00e4sident J. D. Vance hin und beklagt eine Demokratiegef\u00e4hrdung in Europa. Er moniert, einem gro\u00dfen Teil der Bev\u00f6lkerung w\u00fcrde ganz schlicht nicht zugeh\u00f6rt. Und wir (gemeint waren eigentlich sie, die europ\u00e4ischen Regierungen) sollten keine Angst vor dem eigenen Volk haben. F\u00fcr alle ist sofort klar, es sind die W\u00e4hler der AFD gemeint. Kann ja gar nicht anders sein. Hat er aber nicht gesagt, vielleicht angedeutet. Vielleicht meint er ja aber auch den noch gr\u00f6\u00dferen Teil der Bev\u00f6lkerung, der weitere Waffenlieferungen in die Ukraine ablehnt oder den Teil, der fordert, keine Waffen mehr an Israel zu liefern. In jedem Fall wurde der These von Vance sofort auf das Heftigste widersprochen. Es wurde ihm mitgeteilt, wir seien eine Demokratie und jeder k\u00f6nne seine Meinung sagen. Stimmt, kann ich ja hier auf dieser meiner Seite auch. Kann ich bei Demos tun, kann ich bei Internetabstimmungen tun. Interessiert aber niemanden, es sei denn, ich spreche mich gegen die AFD aus (was ich hiermit tue). Dann z\u00e4hlt meine Stimme, dann z\u00e4hlt jede einzelne. Wenn ich auf Friedensdemo\u00b4s gehe oder Petitionen gegen Waffenlieferungen zeichne, werde ich in die Ecke von Nazi\u00b4s ger\u00fcckt, bin zumindest ein Putinversteher. In jedem Fall ist die Stimme all derer, die es gleichtun, nicht relevant, interessiert nicht. Es wurde weiter zum Beweis der Demokratie sogar behauptet, man w\u00fcrde sich in Pressekonferenzen Fragen von Leuten gefallen lassen, die russische Narrative verbreiten. Ich sch\u00e4tze, es ging um Florian Warweg, der f\u00fcr <a href=\"http:\/\/www.nachdenkseiten.de\" target=\"_blank\">nachdenkseiten.de<\/a> schreibt. Hier h\u00e4tte man hinzusetzen k\u00f6nnen und auch m\u00fcssen, da\u00df der Mann sich den Zugang zur Bundespressekonferenz gerichtlich erstreiten mu\u00dfte! Und eh jetzt einer sagt, so sei das in der Demokratie. Solange die Kontrolle funktioniert, ist alles in Butter, sage ich \u2013 nein. Wenn man in einer Demokratie f\u00fcr verankerte Grundrechte vor Gericht ziehen mu\u00df, l\u00e4uft etwas falsch und die Demokratie ist in Gefahr.<\/font><\/p>\n<p><font size=\"3\">Demokratie gilt auch f\u00fcr Leute, die nicht Eurer Meinung sind.<\/font><\/p>\n","protected":false},"excerpt":{"rendered":"<p>Donald Trump erkl\u00e4rte den 9 Februar zum Tag des Golf\u00b4s&nbsp; von Amerika. Da war ich doch versucht, die Forderung zu erheben, diesen Tag in der BRD als offiziellen Feiertag einzuf\u00fchren. Tcha, vor der M\u00fcnchener Sicherheitskonferenz w\u00e4re ich damit vielleicht noch durchgekommen. Aber heute? Nun stellt sich aber doch Trump\u00b4s Buddy und Vizepr\u00e4sident J. D. Vance hin und beklagt eine Demokratiegef\u00e4hrdung in Europa. Er moniert, einem gro\u00dfen Teil der Bev\u00f6lkerung w\u00fcrde ganz schlicht nicht zugeh\u00f6rt. Und wir (gemeint waren eigentlich sie,&#8230;<\/p>\n<p class=\"read-more\"><a class=\"btn btn-default\" href=\"https:\/\/www.dirkhagen.eu\/WordPress_01\/?p=5718\">Weiterlesen<span class=\"screen-reader-text\"> Weiterlesen<\/span><\/a><\/p>\n","protected":false},"author":4,"featured_media":0,"comment_status":"open","ping_status":"open","sticky":false,"template":"","format":"standard","meta":{"footnotes":""},"categories":[10,13,4],"tags":[],"class_list":["post-5718","post","type-post","status-publish","format-standard","hentry","category-berlin","category-penner-on-tour","category-politik"],"_links":{"self":[{"href":"https:\/\/www.dirkhagen.eu\/WordPress_01\/index.php?rest_route=\/wp\/v2\/posts\/5718","targetHints":{"allow":["GET"]}}],"collection":[{"href":"https:\/\/www.dirkhagen.eu\/WordPress_01\/index.php?rest_route=\/wp\/v2\/posts"}],"about":[{"href":"https:\/\/www.dirkhagen.eu\/WordPress_01\/index.php?rest_route=\/wp\/v2\/types\/post"}],"author":[{"embeddable":true,"href":"https:\/\/www.dirkhagen.eu\/WordPress_01\/index.php?rest_route=\/wp\/v2\/users\/4"}],"replies":[{"embeddable":true,"href":"https:\/\/www.dirkhagen.eu\/WordPress_01\/index.php?rest_route=%2Fwp%2Fv2%2Fcomments&post=5718"}],"version-history":[{"count":1,"href":"https:\/\/www.dirkhagen.eu\/WordPress_01\/index.php?rest_route=\/wp\/v2\/posts\/5718\/revisions"}],"predecessor-version":[{"id":5719,"href":"https:\/\/www.dirkhagen.eu\/WordPress_01\/index.php?rest_route=\/wp\/v2\/posts\/5718\/revisions\/5719"}],"wp:attachment":[{"href":"https:\/\/www.dirkhagen.eu\/WordPress_01\/index.php?rest_route=%2Fwp%2Fv2%2Fmedia&parent=5718"}],"wp:term":[{"taxonomy":"category","embeddable":true,"href":"https:\/\/www.dirkhagen.eu\/WordPress_01\/index.php?rest_route=%2Fwp%2Fv2%2Fcategories&post=5718"},{"taxonomy":"post_tag","embeddable":true,"href":"https:\/\/www.dirkhagen.eu\/WordPress_01\/index.php?rest_route=%2Fwp%2Fv2%2Ftags&post=5718"}],"curies":[{"name":"wp","href":"https:\/\/api.w.org\/{rel}","templated":true}]}}