{"id":6160,"date":"2025-10-05T18:33:37","date_gmt":"2025-10-05T17:33:37","guid":{"rendered":"https:\/\/www.dirkhagen.eu\/WordPress_01\/?p=6160"},"modified":"2025-10-05T19:10:56","modified_gmt":"2025-10-05T18:10:56","slug":"kriegspanik","status":"publish","type":"post","link":"https:\/\/www.dirkhagen.eu\/WordPress_01\/?p=6160","title":{"rendered":"Kriegspanik"},"content":{"rendered":"<p><font size=\"3\">Vielleicht ein paar Worte zu meinem vorgestrigen w\u00fctenden Post. Es regt mich inzwischen f\u00fcrchterlich auf, da\u00df es immer die Russen waren. Egal, was passiert, ob irgendwo eine Drohne gesehen wird, ob die Haust\u00fcr zuf\u00e4llt und dabei kaputt geht, ob man einen Platten am Fahrrad hat. Immer wird als erstes mitgeteilt, da\u00df das wahrscheinlich zur hybriden Kriegsf\u00fchrung der Russen geh\u00f6rt. Mir pers\u00f6nlich ist nicht ein Fall bekannt, bei dem den Russen diese hybride Kriegf\u00fchrung nachgewiesen wurde. Es ist in den vielen, vielen Jahren,, die uns die Russen jetzt schon angreifen, nicht nachvollziehbar, da\u00df wir sie noch nie erwischt haben. Uns reichen Behauptungen, aus denen ein Krieg entstehen kann. Und irgendwie habe ich nicht den Eindruck, da\u00df es irgendjemanden in der Politik oder beim Milit\u00e4r interessiert. Es wurde in Frankfurt am Flughafen \u00fcbrigens ein Drohnenpilot verhaftet, der nichts mit den Russen zu tun haben soll.<\/font><\/p>\n<p><font size=\"3\">Zur Verletzung des Estnischen Luftraums vor ein paar Tagen scheint es auch noch andere Versionen zu geben, als unsere hochoffizielle. Laut Berliner Zeitung (<a title=\"https:\/\/www.berliner-zeitung.de\/politik-gesellschaft\/geopolitik\/russische-kampfjets-estland-was-ueber-die-luftraumverletzung-geschwiegen-wird-li.2358826?id=35a237aefba74d1bbd7ae30cba5b87ed\" href=\"https:\/\/www.berliner-zeitung.de\/politik-gesellschaft\/geopolitik\/russische-kampfjets-estland-was-ueber-die-luftraumverletzung-geschwiegen-wird-li.2358826?id=35a237aefba74d1bbd7ae30cba5b87ed\">https:\/\/www.berliner-zeitung.de\/politik-gesellschaft\/geopolitik\/russische-kampfjets-estland-was-ueber-die-luftraumverletzung-geschwiegen-wird-li.2358826?id=35a237aefba74d1bbd7ae30cba5b87ed<\/a>&nbsp; &#8211; leider hinter Paywall) teilt der estnische Abgeordneter und mutma\u00dfliche Sicherheitsexperte Eerik-Niiles Kross mit, da\u00df es seit 2014 ca. 40 \u00e4hnliche Vorf\u00e4lle gab. Die Russen w\u00e4ren geringf\u00fcgig von ihrer \u00fcblichen Route abgewichen, trugen keine sichtbaren Waffen, beriefen sich auf Navigationsfehler und zogen sich zur\u00fcck, nachdem sie von Nato-Jets (das sind die Guten) dazu aufgefordert wurden.<\/font><\/p>\n<p><font size=\"3\">Eine weitere Betrachtung und ein kurzer Schlagabtausch bei der Bundespressekonferenz beschrieben die NachDenkSeiten unter <a title=\"https:\/\/www.nachdenkseiten.de\/?p=139646\" href=\"https:\/\/www.nachdenkseiten.de\/?p=139646\">https:\/\/www.nachdenkseiten.de\/?p=139646<\/a>. Die Nachdenkseiten bringen ein weiteres Detail ins Spiel. N\u00e4mlich da\u00df der finnische Meerbusen recht schmal ist. Ich habe bei GoogleMaps mal nachgemessen. Zwischen&nbsp; R\u00f6nnsk\u00e4r Lighthouse in Finnland und&nbsp; Naissaar lighthouse in Estland <font size=\"3\">&nbsp; sind l\u00e4cherliche ca. 37 km. Das sind ca. 20 Seemeilen. Wenn jetzt Finnland und Estland auf einer 12 Seemeilen-Zone bestehen, wird es eng. Es ist jedoch der einzige Weg, auf dem Russland seine Exklave Kaliningrad erreichen kann. Bei der Bundespressekonferenz liefert sich Florian Warweg ein recht skuriles Wortgefecht mit den Regierungssprechern. Und nicht Warweg war skuril!<\/font><\/font><\/p>\n<p><font size=\"3\"><br \/><\/font><\/p>\n<p><font size=\"3\"> Da\u00df die T\u00fcrkei den Luftraum Griechenlands allein in 2022 \u00fcber 200 mal verletzte, ist kein Thema (vom Luftraum Iraks und Syriens rede ich in dem Zusammenhang schon gar nicht). Ich denke, da\u00df zu den Vorg\u00e4ngen in und um Estland nicht alles bekannt ist, was es zu wissen gibt. Und was die deutsche Bev\u00f6lkerung aus meiner Sicht wissen sollte, worauf sie eigentlich ein Recht hat. Denn ich sagte es an anderer Stelle schon einmal: Merz und Co sind Prokuristen! Sie haben Zeichnungs- und Handelvollmacht &#8211; im Sinne des Chefs, des B\u00fcrgers.<\/font><\/p>\n<p><font size=\"3\"><br \/><\/font><\/p>\n<p><font size=\"3\">Aber vielleicht gibt es hinsichtlich der medialen Steigerung bez. des russischen hybriden Krieges einen Zusammenhang zu einem anderen Vorgang. Die Amerikaner wollen Tomahawks liefern. Allen Beteiligten ist klar, da\u00df das eine Rieseneskalation ist. Eventuell will man ja ein Schmierentheater auff\u00fchren, im dem die Lieferung begr\u00fcndet (plausibilisiert) werden soll. Das k\u00f6nnte bedeuten, da\u00df die Tragweite dieser Entscheidung noch gr\u00f6\u00dfer ist, als derzeit von vielen bef\u00fcrchtet. <\/font><\/p>\n<p><font size=\"3\">Da\u00df die US-Kriegsmarine seit l\u00e4ngerem vor Venezuela rumlungert und Schie\u00df\u00fcbungen auf Boote macht, ist hier nur eine Randnotiz. Ich habe auch unseren geliebten Kanzler dazu noch nicht vernommen. Und unseren Au\u00dfenminister auch nicht.<\/font><\/p>\n<p><font size=\"3\">Es&nbsp; bleibt dennoch ein Verbrechen. Hinrichtungen ohne Richterentscheidungen sind ganz schlicht verboten. Das gilt \u00fcbrigens auch f\u00fcr gezielte T\u00f6tungen mittels Drohnen.<\/font><\/p>\n<p><font size=\"3\">Aber V\u00f6lkerrecht gilt nur f\u00fcr Russen, Iran, Nordkorea und China. F\u00fcr uns gelten <strong>Werte<\/strong>. <\/font><\/p>\n<p><font size=\"3\">Auf den ein oder anderen wirkt das irgendwie verlogen, aber auch das interessiert nicht.<\/font><\/p>\n","protected":false},"excerpt":{"rendered":"<p>Vielleicht ein paar Worte zu meinem vorgestrigen w\u00fctenden Post. Es regt mich inzwischen f\u00fcrchterlich auf, da\u00df es immer die Russen waren. Egal, was passiert, ob irgendwo eine Drohne gesehen wird, ob die Haust\u00fcr zuf\u00e4llt und dabei kaputt geht, ob man einen Platten am Fahrrad hat. Immer wird als erstes mitgeteilt, da\u00df das wahrscheinlich zur hybriden Kriegsf\u00fchrung der Russen geh\u00f6rt. Mir pers\u00f6nlich ist nicht ein Fall bekannt, bei dem den Russen diese hybride Kriegf\u00fchrung nachgewiesen wurde. Es ist in den vielen,&#8230;<\/p>\n<p class=\"read-more\"><a class=\"btn btn-default\" href=\"https:\/\/www.dirkhagen.eu\/WordPress_01\/?p=6160\">Weiterlesen<span class=\"screen-reader-text\"> Weiterlesen<\/span><\/a><\/p>\n","protected":false},"author":4,"featured_media":0,"comment_status":"open","ping_status":"open","sticky":false,"template":"","format":"standard","meta":{"footnotes":""},"categories":[35,34,13,4,31,37,38],"tags":[],"class_list":["post-6160","post","type-post","status-publish","format-standard","hentry","category-demokratie","category-krieg","category-penner-on-tour","category-politik","category-russland","category-usa","category-voelkerrecht"],"_links":{"self":[{"href":"https:\/\/www.dirkhagen.eu\/WordPress_01\/index.php?rest_route=\/wp\/v2\/posts\/6160","targetHints":{"allow":["GET"]}}],"collection":[{"href":"https:\/\/www.dirkhagen.eu\/WordPress_01\/index.php?rest_route=\/wp\/v2\/posts"}],"about":[{"href":"https:\/\/www.dirkhagen.eu\/WordPress_01\/index.php?rest_route=\/wp\/v2\/types\/post"}],"author":[{"embeddable":true,"href":"https:\/\/www.dirkhagen.eu\/WordPress_01\/index.php?rest_route=\/wp\/v2\/users\/4"}],"replies":[{"embeddable":true,"href":"https:\/\/www.dirkhagen.eu\/WordPress_01\/index.php?rest_route=%2Fwp%2Fv2%2Fcomments&post=6160"}],"version-history":[{"count":2,"href":"https:\/\/www.dirkhagen.eu\/WordPress_01\/index.php?rest_route=\/wp\/v2\/posts\/6160\/revisions"}],"predecessor-version":[{"id":6162,"href":"https:\/\/www.dirkhagen.eu\/WordPress_01\/index.php?rest_route=\/wp\/v2\/posts\/6160\/revisions\/6162"}],"wp:attachment":[{"href":"https:\/\/www.dirkhagen.eu\/WordPress_01\/index.php?rest_route=%2Fwp%2Fv2%2Fmedia&parent=6160"}],"wp:term":[{"taxonomy":"category","embeddable":true,"href":"https:\/\/www.dirkhagen.eu\/WordPress_01\/index.php?rest_route=%2Fwp%2Fv2%2Fcategories&post=6160"},{"taxonomy":"post_tag","embeddable":true,"href":"https:\/\/www.dirkhagen.eu\/WordPress_01\/index.php?rest_route=%2Fwp%2Fv2%2Ftags&post=6160"}],"curies":[{"name":"wp","href":"https:\/\/api.w.org\/{rel}","templated":true}]}}