{"id":6181,"date":"2025-10-22T18:07:13","date_gmt":"2025-10-22T17:07:13","guid":{"rendered":"https:\/\/www.dirkhagen.eu\/WordPress_01\/?p=6181"},"modified":"2025-10-22T18:16:31","modified_gmt":"2025-10-22T17:16:31","slug":"ihr-spinnt-brutal","status":"publish","type":"post","link":"https:\/\/www.dirkhagen.eu\/WordPress_01\/?p=6181","title":{"rendered":"Ihr spinnt brutal"},"content":{"rendered":"<p><font size=\"4\">Unter dem Titel: \u201c Das klingt jetzt brutal\u201d ist bei N-TV (<\/font><a title=\"https:\/\/www.n-tv.de\/politik\/Reservistenverband-erwartet-hohe-Verluste-im-Kriegsfall-article26111275.html\" href=\"https:\/\/www.n-tv.de\/politik\/Reservistenverband-erwartet-hohe-Verluste-im-Kriegsfall-article26111275.html\"><font size=\"4\">https:\/\/www.n-tv.de\/politik\/Reservistenverband-erwartet-hohe-Verluste-im-Kriegsfall-article26111275.html<\/font><\/a><font size=\"4\">) eine Einsch\u00e4tzung zu m\u00f6glichen Verlusten (Toten und kriegsuntauglich Verletzten) im Fall einer Auseinandersetzung zwischen Russland und der NATO. Die Auseinandersetzung geht selbstredend von Russland aus. Man sch\u00e4tzt ca. 1.000 Tote und schwer Verletzte pro Tag. Diese m\u00fc\u00dften ersetzt werden. Offensichtlich geht man aber von mehr Toten, als Verletzten aus. Denn es w\u00fcrden in dem Zusammenhang nur 15.000 Krankenhausbetten belegt (<\/font><a title=\"https:\/\/www.n-tv.de\/politik\/Bundeswehrarzt-rechnet-im-Kriegsfall-mit-bis-zu-1000-verletzten-Soldaten-taeglich-article26049231.html\" href=\"https:\/\/www.n-tv.de\/politik\/Bundeswehrarzt-rechnet-im-Kriegsfall-mit-bis-zu-1000-verletzten-Soldaten-taeglich-article26049231.html\"><font size=\"4\">https:\/\/www.n-tv.de\/politik\/Bundeswehrarzt-rechnet-im-Kriegsfall-mit-bis-zu-1000-verletzten-Soldaten-taeglich-article26049231.html<\/font><\/a><font size=\"4\">). Wenn also pro Tag 1.000 Soldaten verletzt oder get\u00f6tet werden, macht das \u00fcber den Monat nach Adam Milchm\u00e4dchen 30.000 Soldaten (Ich wei\u00df, es gibt den Februar und Monate mit 31 Tagen). Wenn wir weiterhin davon ausgehen, da\u00df jeder Verletzte l\u00e4nger als 1 Tag im Krankenhaus bleibt, sozusagen am Montag, am Diensttag, am Mittwoch usw und auch in der ersten Woche seiner Verletzung und auch in der zweiten Woche seiner \u2026 und dennoch zu jedem Zeitpunkt des Krieges im Schnitt 15.000 Krankenhausbetten ben\u00f6tigt werden, mu\u00df es also mehr Tote als Verletzte geben. Aber auch hier gibt es Entwarnung. Die Nato hat 3.439.197 aktive Soldaten, Russland nur 1.320.000 (<\/font><a title=\"https:\/\/de.statista.com\/statistik\/daten\/studie\/379080\/umfrage\/vergleich-des-militaers-der-nato-und-russlands\/\" href=\"https:\/\/de.statista.com\/statistik\/daten\/studie\/379080\/umfrage\/vergleich-des-militaers-der-nato-und-russlands\/\"><font size=\"4\">https:\/\/de.statista.com\/statistik\/daten\/studie\/379080\/umfrage\/vergleich-des-militaers-der-nato-und-russlands\/<\/font><\/a><font size=\"4\">). Zu dem russischen Zahlen mu\u00df man unbedingt im Hinterkopf haben, da\u00df die Ukraine bereits eine Fantastilliarde Russen ausgeschaltet hat und eine weitere Fantastilliarde in naher Zukunft aus dem Spiel nehmen wird. Zumindest, wenn man den ukrainischen Presseberichten in unseren Leitmedien und den Zahlen des ISW vertraut. Und die Entwarnung ist ganz einfach, wir brauchen nicht einmal Reservisten. Man rechne einfach 3.439.197 dividiert durch 1000. Das bedeutet, wir halten diesen Krieg ganz locker 3.439,197 Tage durch. Das schafft kein Russe, auch Putin nicht, denn unsere Sanktionen dr\u00fccken denen deutlich erkennbar seit Kriegsbeginn die Luft ab. Man merkt jeden Tag, wie sie schw\u00e4cher werden.<\/font><\/p>\n<p><font size=\"4\"><br \/>\n<\/font><\/p>\n<p><font size=\"4\">Ich schalte jetzt mal den Sarkasmus aus und versuche, sachlich zu werden. Das f\u00e4llt mir echt schwer. Wir planen hier also bei einem Jahr Krieg mit 365.000 Toten und dauerhaft Versehrten pro Jahr. Von Kollateralsch\u00e4den ist hier noch nicht die Rede. Habt Ihr sie noch alle? Noch alle Latten am Zaun? Um unsere Freiheit zu verteidigen? Die wurde auch schon am Hindukush verteidigt! Haben wir da jetzt eine offene Flanke, weil alles wieder ist wie vor der \u201cStabilisierungsmission\u201d? Oder habt ihr von Anfang an Mist erz\u00e4hlt, um das wohlwollen der Deutschen zu dem Unsinn zu erhalten? Ich hatte da schon immer einen Verdacht! Mit Syrien oder Lybien mag ich nicht wieder anfangen, auch nicht mit Jugoslavien. Aber ich habe mir noch einmal den Film \u201cShock and Awe \u2013 Krieg der L\u00fcgen\u201d angesehen. Er zeichnet die Strategie und Methoden der gr\u00f6\u00dften Demokratie des ganzen Universums, die unser wichtigster \u201cVerb\u00fcndeter\u201d ist (das Verh\u00e4ltnis DDR zur UDSSR war geradezu ein Schei\u00dfdreck dagegen) nach, wie sie unter l\u00fcgen und tricksen versuchten andere Staaten und die UNO in einen anla\u00dflosen, brutalen und v\u00f6lkerrechtswidrigen Angriffskrieg gegen den Irak&nbsp; zu ziehen. Bei einigen schafften sie es, bei anderen nicht. Die BRD geh\u00f6rte zu letzteren. Ich kann mich jedoch nicht erinnern, da\u00df es auch nur ein Gerichtsverfahren wegen des F\u00fchrens eines Angriffskrieges hierzulande gab. Anzeigen gab es genug. Aber egal. Der Film ist aus meiner Sicht sehenswert und derzeit bei <a title=\"https:\/\/www.netzkino.de\/details\/shock-and-awe\" href=\"https:\/\/www.netzkino.de\/details\/shock-and-awe\">https:\/\/www.netzkino.de\/details\/shock-and-awe<\/a> und bei <a title=\"https:\/\/www.youtube.com\/watch?v=1WwRMxoFcFc\" href=\"https:\/\/www.youtube.com\/watch?v=1WwRMxoFcFc\">https:\/\/www.youtube.com\/watch?v=1WwRMxoFcFc<\/a> kostenlos zu sehen.<\/font><\/p>\n<p><font size=\"4\">Ich habe den Eindruck, Geschichte wiederholt sich. Das kann sie aber nur, weil niemand bereit ist, aus ihr zu lernen.<\/font><\/p>\n<p><font size=\"4\"><br \/><\/font><\/p>\n<p><font size=\"4\">OK, das jetzt ist ein Nachtrag. Ich kann es mir schlicht nicht verkneifen. Eine Statistik zu zivilen Toten des Irak-Krieges, der Iraqi Freedom hie\u00df&nbsp; &#8211; schon dar\u00fcber k\u00f6nnte man sich schlapp lachen, wenn es nicht so v\u00f6llig daneben w\u00e4re.&nbsp; <a title=\"https:\/\/de.statista.com\/statistik\/daten\/studie\/163882\/umfrage\/dokumentierte-zivile-todesopfer-im-irakkrieg-seit-2003\/\" href=\"https:\/\/de.statista.com\/statistik\/daten\/studie\/163882\/umfrage\/dokumentierte-zivile-todesopfer-im-irakkrieg-seit-2003\/\">https:\/\/de.statista.com\/statistik\/daten\/studie\/163882\/umfrage\/dokumentierte-zivile-todesopfer-im-irakkrieg-seit-2003\/<\/a><\/font><\/p>\n","protected":false},"excerpt":{"rendered":"<p>Unter dem Titel: \u201c Das klingt jetzt brutal\u201d ist bei N-TV (https:\/\/www.n-tv.de\/politik\/Reservistenverband-erwartet-hohe-Verluste-im-Kriegsfall-article26111275.html) eine Einsch\u00e4tzung zu m\u00f6glichen Verlusten (Toten und kriegsuntauglich Verletzten) im Fall einer Auseinandersetzung zwischen Russland und der NATO. Die Auseinandersetzung geht selbstredend von Russland aus. Man sch\u00e4tzt ca. 1.000 Tote und schwer Verletzte pro Tag. Diese m\u00fc\u00dften ersetzt werden. Offensichtlich geht man aber von mehr Toten, als Verletzten aus. Denn es w\u00fcrden in dem Zusammenhang nur 15.000 Krankenhausbetten belegt (https:\/\/www.n-tv.de\/politik\/Bundeswehrarzt-rechnet-im-Kriegsfall-mit-bis-zu-1000-verletzten-Soldaten-taeglich-article26049231.html). Wenn also pro Tag 1.000 Soldaten verletzt oder&#8230;<\/p>\n<p class=\"read-more\"><a class=\"btn btn-default\" href=\"https:\/\/www.dirkhagen.eu\/WordPress_01\/?p=6181\">Weiterlesen<span class=\"screen-reader-text\"> Weiterlesen<\/span><\/a><\/p>\n","protected":false},"author":4,"featured_media":0,"comment_status":"open","ping_status":"open","sticky":false,"template":"","format":"standard","meta":{"footnotes":""},"categories":[35,9,34,41,13,4,31,36,37,38],"tags":[],"class_list":["post-6181","post","type-post","status-publish","format-standard","hentry","category-demokratie","category-internet","category-krieg","category-medien","category-penner-on-tour","category-politik","category-russland","category-ukraine","category-usa","category-voelkerrecht"],"_links":{"self":[{"href":"https:\/\/www.dirkhagen.eu\/WordPress_01\/index.php?rest_route=\/wp\/v2\/posts\/6181","targetHints":{"allow":["GET"]}}],"collection":[{"href":"https:\/\/www.dirkhagen.eu\/WordPress_01\/index.php?rest_route=\/wp\/v2\/posts"}],"about":[{"href":"https:\/\/www.dirkhagen.eu\/WordPress_01\/index.php?rest_route=\/wp\/v2\/types\/post"}],"author":[{"embeddable":true,"href":"https:\/\/www.dirkhagen.eu\/WordPress_01\/index.php?rest_route=\/wp\/v2\/users\/4"}],"replies":[{"embeddable":true,"href":"https:\/\/www.dirkhagen.eu\/WordPress_01\/index.php?rest_route=%2Fwp%2Fv2%2Fcomments&post=6181"}],"version-history":[{"count":4,"href":"https:\/\/www.dirkhagen.eu\/WordPress_01\/index.php?rest_route=\/wp\/v2\/posts\/6181\/revisions"}],"predecessor-version":[{"id":6185,"href":"https:\/\/www.dirkhagen.eu\/WordPress_01\/index.php?rest_route=\/wp\/v2\/posts\/6181\/revisions\/6185"}],"wp:attachment":[{"href":"https:\/\/www.dirkhagen.eu\/WordPress_01\/index.php?rest_route=%2Fwp%2Fv2%2Fmedia&parent=6181"}],"wp:term":[{"taxonomy":"category","embeddable":true,"href":"https:\/\/www.dirkhagen.eu\/WordPress_01\/index.php?rest_route=%2Fwp%2Fv2%2Fcategories&post=6181"},{"taxonomy":"post_tag","embeddable":true,"href":"https:\/\/www.dirkhagen.eu\/WordPress_01\/index.php?rest_route=%2Fwp%2Fv2%2Ftags&post=6181"}],"curies":[{"name":"wp","href":"https:\/\/api.w.org\/{rel}","templated":true}]}}