{"id":6454,"date":"2026-02-28T13:49:03","date_gmt":"2026-02-28T12:49:03","guid":{"rendered":"https:\/\/www.dirkhagen.eu\/WordPress_01\/?p=6454"},"modified":"2026-03-12T00:28:50","modified_gmt":"2026-03-11T23:28:50","slug":"soso-die-welt-gert-aus-den-fugen-und-uns-fllt-nichts-ein","status":"publish","type":"post","link":"https:\/\/www.dirkhagen.eu\/WordPress_01\/?p=6454","title":{"rendered":"Soso, die Welt ger&auml;t aus den Fugen und uns f&auml;llt nur Unsinn ein"},"content":{"rendered":"<p><font size=\"3\">Heute morgen griffen die USA und Israel den Iran ein weiteres Mal an. Auf der X-Seite des Bundeskanzlers (<a title=\"https:\/\/x.com\/bundeskanzler\" href=\"https:\/\/x.com\/bundeskanzler\"><font size=\"3\">https:\/\/x.com\/bundeskanzler<\/font><\/a> ) ist bis jetzt (12:55 Uhr) kein Kommentar zu finden. Auf der Seite des Ausw\u00e4rtigen Amtes (<a title=\"https:\/\/x.com\/AuswaertigesAmt?lang=de\" href=\"https:\/\/x.com\/AuswaertigesAmt?lang=de\">https:\/\/x.com\/AuswaertigesAmt?lang=de<\/a>) ist das Folgende zu finden&nbsp; : <\/font><\/p>\n<p><\/p>\n<p><a href=\"https:\/\/www.dirkhagen.eu\/WordPress_01\/wp-content\/uploads\/2026\/02\/Auswaertiges_Amt_Iran_Israel_USA2026-02-28-125207.png\"><img loading=\"lazy\" decoding=\"async\" width=\"198\" height=\"244\" title=\"Auswaertiges_Amt_Iran_Israel_USA2026-02-28-125207\" style=\"display: inline; background-image: none;\" alt=\"Auswaertiges_Amt_Iran_Israel_USA2026-02-28-125207\" src=\"https:\/\/www.dirkhagen.eu\/WordPress_01\/wp-content\/uploads\/2026\/02\/Auswaertiges_Amt_Iran_Israel_USA2026-02-28-125207_thumb.png\" border=\"0\"><\/a><\/p>\n<p><\/p>\n<p><font size=\"3\">Ich fasse mal in einfacher Sprache zusammen:<\/font><\/p>\n<p><font size=\"3\">Russland f\u00fchlt sich von der Ukraine und deren Bestreben, in die NATO aufgenommen zu werden bedroht. Au\u00dferdem sind die Russen der Meinung, das Regime in Kiew m\u00fc\u00dfte weg. Sie greifen die Ukraine (tats\u00e4chlich V\u00f6lkerrechtswidrig) an. Das ist b\u00f6se, b\u00f6se, b\u00f6se \u2026 (ich kann das Wort b\u00f6se auf dieser Seite gar nicht so oft unterbringen, um auch nur ann\u00e4hernd zum Ausdruck zu bringen, wie b\u00f6se der Westen das findet) und es ist (korrekt) v\u00f6lkerrechtswidrig.<\/font><\/p>\n<p><font size=\"3\">Israel und die USA f\u00fchlen sich vom Iran bedroht und sie finden, das Regime in Teheran m\u00fc\u00dfte weg. Sie greifen den Iran zum zweiten mal innerhalb eines Jahres an und wir finden: &#8222;<em>Der sorgf\u00e4ltig \u00fcber Wochen geplante und begrenzte Milit\u00e4rschlag hat damit eine Berechtigung<\/em>.&#8220; (Roderich Kiesewetter <a title=\"https:\/\/www.n-tv.de\/politik\/CDU-verteidigt-Angriff-auf-Iran-Linke-uebt-Kritik-id30415729.html\" href=\"https:\/\/www.n-tv.de\/politik\/CDU-verteidigt-Angriff-auf-Iran-Linke-uebt-Kritik-id30415729.html\">https:\/\/www.n-tv.de\/politik\/CDU-verteidigt-Angriff-auf-Iran-Linke-uebt-Kritik-id30415729.html<\/a>) und Frau Strack-Zimmermann findet: &#8222;<em>Gelingt es, das Mullah-Regime zu st\u00fcrzen, w\u00e4re das f\u00fcr die Menschen im Iran, auch f\u00fcr die Menschen im Nahen Osten und dar\u00fcber hinaus in Europa eine Chance eines friedlichen, gemeinsamen Neubeginns<\/em>&#8220; (<a title=\"https:\/\/www.n-tv.de\/politik\/CDU-verteidigt-Angriff-auf-Iran-Linke-uebt-Kritik-id30415729.html\" href=\"https:\/\/www.n-tv.de\/politik\/CDU-verteidigt-Angriff-auf-Iran-Linke-uebt-Kritik-id30415729.html\">https:\/\/www.n-tv.de\/politik\/CDU-verteidigt-Angriff-auf-Iran-Linke-uebt-Kritik-id30415729.html<\/a>).<\/font><\/p>\n<p><font size=\"3\">Als einer der Gr\u00fcnde f\u00fcr den aktuellen Angriff wird von Herrn Kiesewetter die \u201cNichteinhaltung\u201d des internationalen Atomabkommens durch den Iran angef\u00fchrt. Diese Abkommen wurde 2015 geschlossen. Laut IAEO (Internationale Atomernegie Organisation) hielt sich der Iran an seine Verpflichtungen aus dem Abkommen. Im Jahr 2018 w\u00e4hrend D. Trumps erster Amtszeit stiegen die USA einfach so aus dem Abkommen aus und lie\u00dfen Sanktionen gegen den Iran wieder aufleben. Der Iran lieferte hierf\u00fcr keinen Anla\u00df. Aber der gesamte Westen erwartete und forderte vom Iran, da\u00df er sich weiterhin an seinen Teil zu halten habe, was die Iraner selbstredend nicht taten. Und es w\u00e4re sch\u00f6n, wenn jetzt niemand mit \u201c<font size=\"3\">Pacta sunt servanda\u201d kommt. D<font size=\"3\">as funktioniert schon im deutschen Kaufrecht nicht wirklich. Und ja, der Iran hat Regimegegner get\u00f6tet, und ja, das ist zu verurteilen. Aber ein Grund zum Angriff? Warum sind die USA dann nicht in Chile, Argentinien, Paraguay zu Zeiten der Milit\u00e4rjuntas einmarschiert, sondern haben diese unterst\u00fctzt? Warum intervenieren wir nicht in dem ein-oder anderen afrikanischen Land?<\/font><\/font><\/font><\/p>\n<p><font size=\"3\"><font size=\"3\"><font size=\"3\">Also:<\/font><\/font><\/font><\/p>\n<p><font size=\"3\"><font size=\"3\"><font size=\"3\">Russland = per se B\u00f6se, gemein, Kriegstreiber<\/font><\/font><\/font><\/p>\n<p><font size=\"3\"><font size=\"3\"><font size=\"3\">USA = gut, \u00e4lteste und gr\u00f6\u00dfte Demokratie der <br \/>Welt, friedliebend<\/font><\/font><\/font><\/p>\n<p><font size=\"3\"><font size=\"3\"><font size=\"3\">Israel = gut, bricht keine Vertr\u00e4ge (Oslo 1 und 2), nimmt kein Land<\/font><\/font><\/font><\/p>\n<p><font size=\"3\"><font size=\"3\"><font size=\"3\">BRD = gut, demokratisch, ehrlicher Makler<\/font><\/font><\/font><\/p>\n<p><\/p>\n<p><font size=\"3\">Im obigen Text sind einige echte, faustdicke L\u00fcgen enthalten. Findet heraus, welche!<\/font><\/p>\n<p><font size=\"3\"><\/p>\n<p><\/p>\n<p><font size=\"3\"><\/p>\n<p><\/p>\n<p><font size=\"3\"><\/p>\n<p><\/p>\n<p><\/p>\n<p><\/font><\/font><\/font><\/p>\n<p><font size=\"3\"><br \/><\/font><\/p>\n","protected":false},"excerpt":{"rendered":"<p>Heute morgen griffen die USA und Israel den Iran ein weiteres Mal an. Auf der X-Seite des Bundeskanzlers (https:\/\/x.com\/bundeskanzler ) ist bis jetzt (12:55 Uhr) kein Kommentar zu finden. Auf der Seite des Ausw\u00e4rtigen Amtes (https:\/\/x.com\/AuswaertigesAmt?lang=de) ist das Folgende zu finden&nbsp; : Ich fasse mal in einfacher Sprache zusammen: Russland f\u00fchlt sich von der Ukraine und deren Bestreben, in die NATO aufgenommen zu werden bedroht. Au\u00dferdem sind die Russen der Meinung, das Regime in Kiew m\u00fc\u00dfte weg. Sie greifen die&#8230;<\/p>\n<p class=\"read-more\"><a class=\"btn btn-default\" href=\"https:\/\/www.dirkhagen.eu\/WordPress_01\/?p=6454\">Weiterlesen<span class=\"screen-reader-text\"> Weiterlesen<\/span><\/a><\/p>\n","protected":false},"author":4,"featured_media":0,"comment_status":"open","ping_status":"open","sticky":false,"template":"","format":"standard","meta":{"footnotes":""},"categories":[35,47,40,34,13,4,31,36,37,38],"tags":[],"class_list":["post-6454","post","type-post","status-publish","format-standard","hentry","category-demokratie","category-iran","category-israel","category-krieg","category-penner-on-tour","category-politik","category-russland","category-ukraine","category-usa","category-voelkerrecht"],"_links":{"self":[{"href":"https:\/\/www.dirkhagen.eu\/WordPress_01\/index.php?rest_route=\/wp\/v2\/posts\/6454","targetHints":{"allow":["GET"]}}],"collection":[{"href":"https:\/\/www.dirkhagen.eu\/WordPress_01\/index.php?rest_route=\/wp\/v2\/posts"}],"about":[{"href":"https:\/\/www.dirkhagen.eu\/WordPress_01\/index.php?rest_route=\/wp\/v2\/types\/post"}],"author":[{"embeddable":true,"href":"https:\/\/www.dirkhagen.eu\/WordPress_01\/index.php?rest_route=\/wp\/v2\/users\/4"}],"replies":[{"embeddable":true,"href":"https:\/\/www.dirkhagen.eu\/WordPress_01\/index.php?rest_route=%2Fwp%2Fv2%2Fcomments&post=6454"}],"version-history":[{"count":8,"href":"https:\/\/www.dirkhagen.eu\/WordPress_01\/index.php?rest_route=\/wp\/v2\/posts\/6454\/revisions"}],"predecessor-version":[{"id":6462,"href":"https:\/\/www.dirkhagen.eu\/WordPress_01\/index.php?rest_route=\/wp\/v2\/posts\/6454\/revisions\/6462"}],"wp:attachment":[{"href":"https:\/\/www.dirkhagen.eu\/WordPress_01\/index.php?rest_route=%2Fwp%2Fv2%2Fmedia&parent=6454"}],"wp:term":[{"taxonomy":"category","embeddable":true,"href":"https:\/\/www.dirkhagen.eu\/WordPress_01\/index.php?rest_route=%2Fwp%2Fv2%2Fcategories&post=6454"},{"taxonomy":"post_tag","embeddable":true,"href":"https:\/\/www.dirkhagen.eu\/WordPress_01\/index.php?rest_route=%2Fwp%2Fv2%2Ftags&post=6454"}],"curies":[{"name":"wp","href":"https:\/\/api.w.org\/{rel}","templated":true}]}}