{"id":6496,"date":"2026-03-31T15:27:21","date_gmt":"2026-03-31T14:27:21","guid":{"rendered":"https:\/\/www.dirkhagen.eu\/WordPress_01\/?p=6496"},"modified":"2026-03-31T15:27:21","modified_gmt":"2026-03-31T14:27:21","slug":"ich-mag-die-berliner-zeitung","status":"publish","type":"post","link":"https:\/\/www.dirkhagen.eu\/WordPress_01\/?p=6496","title":{"rendered":"Ich mag die Berliner Zeitung"},"content":{"rendered":"<p>Ich gucke immer mal gern quer durch die Lei<strong>d<\/strong>medien. Dabei f\u00e4llt mir oft die unterschiedliche, von welcher Sichtweise auch immer gepr\u00e4gte Berichterstattung auf. Heute war es besonders krass, was es eigentlich immer ist, wenn auch nur ansatzweise Israel ins Spiel kommt. Die Berliner Zeitung und die Morgenpost (Funke Mediengruppe) berichten \u00fcber ein und dasselbe Ereignis. Dennoch k\u00f6nnte man denken, es sei von verschiedenen die Rede. Es geht um die Vorf\u00fchrung des Films \u201cDesunited Nations\u201d im Kino Babylon in Berlin. Erst einmal Respekt an das Kino. Denn es ist heute nicht mehr selbstverst\u00e4ndlich, Filme zu zeigen, die nicht der der vorgegebenen Linie entsprechen (mein Gott, wie mich das an die DDR erinnert). So bekam das Kino Aufforderungen, den Film nicht auszustrahlen, denn es geht um die UNO und den nahen Osten. Und genau da liegen Israel, die Pal\u00e4stinensergebiete und der Iran. Als Gast war Francesca Albanese anwesend. Sie ist UN-Sonderberichterstatterin f\u00fcr den nahen Osten und hat wiederholt die israelische Kriegsf\u00fchrung kritisiert.<\/p>\n<p>In jedem Fall bringen beide Zeitungen Berichte, wie sie unterschiedlicher nicht sein k\u00f6nnen. In der Morgenpost steht nach meiner Auffassung der Protest gegen die Veranstaltung im Mittelpunkt. W\u00e4hrend die Berliner aus meiner sicht recht sachlich berichtet. sie berichtet, da\u00df in etwas gleich viel Protestler wie Unterst\u00fctzer aufmarschierten. Bei den Fotos zeigt die Berliner die Unterst\u00fctzer, was nicht schlimm ist, denn sie sagte ja, da\u00df in etwa gleich viele Protestler anwesend waren. Die Morgenpost zeigt nur das Foto der Protestler mit Israelfahnen. Im Text wird folgendes erw\u00e4hnt: \u201c<em>Nach Beobachtung eines dpa-Reporters fanden sich auch Unterst\u00fctzerinnen und Unterst\u00fctzer von Albanese ein.\u201d <\/em><\/p>\n<p>Es geht in den Berichten auch um das Video einer Rede, in der Albanese behauptet haben soll, da\u00df Israel der gemeinsame Feind der Menschheit sei. Dieses Video wurde ganz offensichtlich manipuliert. Zumindest sehen das Amnesty International (<a title=\"https:\/\/www.amnesty.at\/presse\/ministerin-meinl-reisinger-verbreitet-desinformation-zu-un-sonderberichterstatterin-amnesty-international-fordert-richtigstellung\/\" href=\"https:\/\/www.amnesty.at\/presse\/ministerin-meinl-reisinger-verbreitet-desinformation-zu-un-sonderberichterstatterin-amnesty-international-fordert-richtigstellung\/\">https:\/\/www.amnesty.at\/presse\/ministerin-meinl-reisinger-verbreitet-desinformation-zu-un-sonderberichterstatterin-amnesty-international-fordert-richtigstellung\/<\/a>), der Freitag (<a title=\"https:\/\/www.freitag.de\/autoren\/hanno-hauenstein\/israel-palaestina-und-francesca-albanese-wovon-ein-gekuerztes-video-ablenkt\" href=\"https:\/\/www.freitag.de\/autoren\/hanno-hauenstein\/israel-palaestina-und-francesca-albanese-wovon-ein-gekuerztes-video-ablenkt\">https:\/\/www.freitag.de\/autoren\/hanno-hauenstein\/israel-palaestina-und-francesca-albanese-wovon-ein-gekuerztes-video-ablenkt<\/a>) und offensichtlich auch die Bundesregierung so, wie eine kurze Diskussion im Rahmen Regierungspressekonferenz vom 13.02.2026 zeigt (<a title=\"https:\/\/www.auswaertiges-amt.de\/de\/newsroom\/regierungspressekonferenz-2756380\" href=\"https:\/\/www.auswaertiges-amt.de\/de\/newsroom\/regierungspressekonferenz-2756380\">https:\/\/www.auswaertiges-amt.de\/de\/newsroom\/regierungspressekonferenz-2756380<\/a>). Denn dem Vorwurf, ,da\u00df es eine manipulierte Version des Videos gibt wird hier nicht widersprochen. Ich gehe davon aus, da\u00df die Ersteller des Videos im Rahmen des Kampfes gegen Desinformation gejagt und bestraft werden. alternativ kann man sie auch auf eine EU-Sanktionsliste setzen, wie man es mit dem ein oder anderen Journalisten tut (z.B. hier: <a title=\"https:\/\/www.berliner-zeitung.de\/politik-gesellschaft\/eu-sanktionen-wegen-desinformation-wider-recht-und-meinungsfreiheit-li.10018389?id=feff8fab811d45c291abe346dcd9ec0c\" href=\"https:\/\/www.berliner-zeitung.de\/politik-gesellschaft\/eu-sanktionen-wegen-desinformation-wider-recht-und-meinungsfreiheit-li.10018389?id=feff8fab811d45c291abe346dcd9ec0c\">https:\/\/www.berliner-zeitung.de\/politik-gesellschaft\/eu-sanktionen-wegen-desinformation-wider-recht-und-meinungsfreiheit-li.10018389?id=feff8fab811d45c291abe346dcd9ec0c<\/a> oder hier: <a title=\"https:\/\/www.berliner-zeitung.de\/politik-gesellschaft\/geopolitik\/koennen-unsere-kinder-nicht-mehr-ernaehren-behoerden-sperren-konten-von-journalisten-ehefrau-li.10027407\" href=\"https:\/\/www.berliner-zeitung.de\/politik-gesellschaft\/geopolitik\/koennen-unsere-kinder-nicht-mehr-ernaehren-behoerden-sperren-konten-von-journalisten-ehefrau-li.10027407\">https:\/\/www.berliner-zeitung.de\/politik-gesellschaft\/geopolitik\/koennen-unsere-kinder-nicht-mehr-ernaehren-behoerden-sperren-konten-von-journalisten-ehefrau-li.10027407<\/a> \u2013 Bezahlschranke) <\/p>\n<p><\/p>\n<p>Den Vogel abgeschossen hat die Morgenpost jedoch mit: <em>\u201cAls sie zuletzt in einer Rede im Zusammenhang mit Israel von einem \u201egemeinsamen Feind\u201c sprach, forderten Deutschland und Frankreich ihren R\u00fccktritt.\u201d&nbsp; <\/em>Und mehr hat die Morgenpost nicht dazu zu sagen. W\u00e4re diese Aussage in irgendeiner Form zugunsten Russlands gefallen, w\u00e4re es Desinformation, hybride Kriegsf\u00fchrung und was wei\u00df ich. Aer so, bleibt es einfach so stehen und macht den Eindruck, Albanese sei: die \u201cIsrael-Hasserin\u201d, welche den R\u00fccktritt bei der UN ablehnt (<a title=\"https:\/\/www.bild.de\/politik\/ausland-und-internationales\/francesca-albanese-israel-hasserin-der-un-will-nicht-zuruecktreten-698ef3350abe5c8b74ece246\" href=\"https:\/\/www.bild.de\/politik\/ausland-und-internationales\/francesca-albanese-israel-hasserin-der-un-will-nicht-zuruecktreten-698ef3350abe5c8b74ece246\">https:\/\/www.bild.de\/politik\/ausland-und-internationales\/francesca-albanese-israel-hasserin-der-un-will-nicht-zuruecktreten-698ef3350abe5c8b74ece246<\/a>).<\/p>\n<p>Ich finde es besch\u00e4mend, wie wir zusehen, da\u00df internationale Institutionen zerst\u00f6rt werden. wie wir zusehen, da\u00df es L\u00e4nder gibt, die internationale Institutionen wie den Internationalen Strafgerichtshof oder UNO-Mitarbeiter sanktionieren oder versuchen, sie medial zu zerst\u00f6ren. Wir Deutschen sollten uns ganz besonders erinnern, wie wichtig diese Institutionen sind, wie wichtig Regeln sind, Menschen zu sch\u00fctzen. Wir haben den letzte Weltkrieg verursacht, wir haben Millionen Juden umgebracht. Beides war vor meiner Zeit, dennoch sch\u00e4me ich mich f\u00fcr beides.&nbsp; <\/p>\n<p><\/p>\n<p>Auf jeden Fall f\u00fchle ich mich von der Berliner Zeitung objektiver und damit besser informiert, als von den westlichen Lei<strong>d<\/strong>medien.<\/p>\n<p>Nachlesen k\u00f6nnt Ihr beides hier:<\/p>\n<p><a title=\"https:\/\/www.morgenpost.de\/bezirke\/mitte\/article411602233\/kino-babylon-proteste-bei-auftritt-von-francesca-albanese-in-berlin.html\" href=\"https:\/\/www.morgenpost.de\/bezirke\/mitte\/article411602233\/kino-babylon-proteste-bei-auftritt-von-francesca-albanese-in-berlin.html\">https:\/\/www.morgenpost.de\/bezirke\/mitte\/article411602233\/kino-babylon-proteste-bei-auftritt-von-francesca-albanese-in-berlin.html<\/a><\/p>\n<p><a title=\"https:\/\/www.berliner-zeitung.de\/politik-gesellschaft\/geopolitik\/francesca-albanese-berlin-gaza-film-babylon-li.10027791\" href=\"https:\/\/www.berliner-zeitung.de\/politik-gesellschaft\/geopolitik\/francesca-albanese-berlin-gaza-film-babylon-li.10027791\">https:\/\/www.berliner-zeitung.de\/politik-gesellschaft\/geopolitik\/francesca-albanese-berlin-gaza-film-babylon-li.10027791<\/a><\/p>\n","protected":false},"excerpt":{"rendered":"<p>Ich gucke immer mal gern quer durch die Leidmedien. Dabei f\u00e4llt mir oft die unterschiedliche, von welcher Sichtweise auch immer gepr\u00e4gte Berichterstattung auf. Heute war es besonders krass, was es eigentlich immer ist, wenn auch nur ansatzweise Israel ins Spiel kommt. Die Berliner Zeitung und die Morgenpost (Funke Mediengruppe) berichten \u00fcber ein und dasselbe Ereignis. Dennoch k\u00f6nnte man denken, es sei von verschiedenen die Rede. Es geht um die Vorf\u00fchrung des Films \u201cDesunited Nations\u201d im Kino Babylon in Berlin. Erst&#8230;<\/p>\n<p class=\"read-more\"><a class=\"btn btn-default\" href=\"https:\/\/www.dirkhagen.eu\/WordPress_01\/?p=6496\">Weiterlesen<span class=\"screen-reader-text\"> Weiterlesen<\/span><\/a><\/p>\n","protected":false},"author":4,"featured_media":0,"comment_status":"open","ping_status":"open","sticky":false,"template":"","format":"standard","meta":{"footnotes":""},"categories":[40,34,41,33,13,4,38],"tags":[],"class_list":["post-6496","post","type-post","status-publish","format-standard","hentry","category-israel","category-krieg","category-medien","category-palaestina","category-penner-on-tour","category-politik","category-voelkerrecht"],"_links":{"self":[{"href":"https:\/\/www.dirkhagen.eu\/WordPress_01\/index.php?rest_route=\/wp\/v2\/posts\/6496","targetHints":{"allow":["GET"]}}],"collection":[{"href":"https:\/\/www.dirkhagen.eu\/WordPress_01\/index.php?rest_route=\/wp\/v2\/posts"}],"about":[{"href":"https:\/\/www.dirkhagen.eu\/WordPress_01\/index.php?rest_route=\/wp\/v2\/types\/post"}],"author":[{"embeddable":true,"href":"https:\/\/www.dirkhagen.eu\/WordPress_01\/index.php?rest_route=\/wp\/v2\/users\/4"}],"replies":[{"embeddable":true,"href":"https:\/\/www.dirkhagen.eu\/WordPress_01\/index.php?rest_route=%2Fwp%2Fv2%2Fcomments&post=6496"}],"version-history":[{"count":1,"href":"https:\/\/www.dirkhagen.eu\/WordPress_01\/index.php?rest_route=\/wp\/v2\/posts\/6496\/revisions"}],"predecessor-version":[{"id":6497,"href":"https:\/\/www.dirkhagen.eu\/WordPress_01\/index.php?rest_route=\/wp\/v2\/posts\/6496\/revisions\/6497"}],"wp:attachment":[{"href":"https:\/\/www.dirkhagen.eu\/WordPress_01\/index.php?rest_route=%2Fwp%2Fv2%2Fmedia&parent=6496"}],"wp:term":[{"taxonomy":"category","embeddable":true,"href":"https:\/\/www.dirkhagen.eu\/WordPress_01\/index.php?rest_route=%2Fwp%2Fv2%2Fcategories&post=6496"},{"taxonomy":"post_tag","embeddable":true,"href":"https:\/\/www.dirkhagen.eu\/WordPress_01\/index.php?rest_route=%2Fwp%2Fv2%2Ftags&post=6496"}],"curies":[{"name":"wp","href":"https:\/\/api.w.org\/{rel}","templated":true}]}}