{"id":784,"date":"2016-11-09T14:46:14","date_gmt":"2016-11-09T13:46:14","guid":{"rendered":"https:\/\/www.dirkhagen.eu\/WordPress_01\/?p=784"},"modified":"2016-11-09T20:10:16","modified_gmt":"2016-11-09T19:10:16","slug":"als-erstes-das-wichtigste-die-freie-welt-hat-einen-neuen-fuehrer","status":"publish","type":"post","link":"https:\/\/www.dirkhagen.eu\/WordPress_01\/?p=784","title":{"rendered":"Als erstes das Wichtigste: Die freie Welt hat einen neuen F\u00fchrer"},"content":{"rendered":"<p>Er hei\u00dft Donald <del>Duck<\/del> Trump und hat Zugriff auf Atomraketen. Er will Amerika wieder gro\u00df und stark machen (da sind Atomraketen hilfreich) und hat weder Ahnung, noch eine Meinung. Mal fand er den Irakkrieg gut, mal schlecht. Seine wirtschaftlichen Vorstellungen k\u00f6nnten die USA zu einer Insel machen (pa\u00dft ja ganz gut zu einem Pr\u00e4sidenten mit der Inselbegabung &#8222;Dampfplaudern&#8220;).<\/p>\n<p>Um korrekt zu bleiben: Noch ist er nicht Pr\u00e4sident. Die Vereid\u00edgung ist nach Plan am 20.01.2017. Aber wenn nicht noch ein Wunder geschieht, wird es so kommen.<\/p>\n<p>&nbsp;<\/p>\n<p>Nachtrag um 20:06 Uhr: Er hat ebenfalls angek\u00fcndigt, das Klimaabkommen von Paris aufzuk\u00fcndigen. Find ich super. Da braucht er keine Atomraketen mehr. Die USA haben genug Macht und Geld, um sich gegen den Klimawandel halbewegs zu wappnen, was leider nicht f\u00fcr die \u00e4rmsten US-B\u00fcrger gilt. Das gilt auch f\u00fcr die \u00e4rmsten L\u00e4nder der Welt. Darum keine Raketen!<\/p>\n<p>&nbsp;<\/p>\n<p>&nbsp;<\/p>\n","protected":false},"excerpt":{"rendered":"<p>Er hei\u00dft Donald Duck Trump und hat Zugriff auf Atomraketen. Er will Amerika wieder gro\u00df und stark machen (da sind Atomraketen hilfreich) und hat weder Ahnung, noch eine Meinung. Mal fand er den Irakkrieg gut, mal schlecht. Seine wirtschaftlichen Vorstellungen k\u00f6nnten die USA zu einer Insel machen (pa\u00dft ja ganz gut zu einem Pr\u00e4sidenten mit der Inselbegabung &#8222;Dampfplaudern&#8220;). Um korrekt zu bleiben: Noch ist er nicht Pr\u00e4sident. Die Vereid\u00edgung ist nach Plan am 20.01.2017. Aber wenn nicht noch ein Wunder&#8230;<\/p>\n<p class=\"read-more\"><a class=\"btn btn-default\" href=\"https:\/\/www.dirkhagen.eu\/WordPress_01\/?p=784\">Weiterlesen<span class=\"screen-reader-text\"> Weiterlesen<\/span><\/a><\/p>\n","protected":false},"author":4,"featured_media":0,"comment_status":"open","ping_status":"open","sticky":false,"template":"","format":"standard","meta":{"footnotes":""},"categories":[4],"tags":[],"class_list":["post-784","post","type-post","status-publish","format-standard","hentry","category-politik"],"_links":{"self":[{"href":"https:\/\/www.dirkhagen.eu\/WordPress_01\/index.php?rest_route=\/wp\/v2\/posts\/784","targetHints":{"allow":["GET"]}}],"collection":[{"href":"https:\/\/www.dirkhagen.eu\/WordPress_01\/index.php?rest_route=\/wp\/v2\/posts"}],"about":[{"href":"https:\/\/www.dirkhagen.eu\/WordPress_01\/index.php?rest_route=\/wp\/v2\/types\/post"}],"author":[{"embeddable":true,"href":"https:\/\/www.dirkhagen.eu\/WordPress_01\/index.php?rest_route=\/wp\/v2\/users\/4"}],"replies":[{"embeddable":true,"href":"https:\/\/www.dirkhagen.eu\/WordPress_01\/index.php?rest_route=%2Fwp%2Fv2%2Fcomments&post=784"}],"version-history":[{"count":3,"href":"https:\/\/www.dirkhagen.eu\/WordPress_01\/index.php?rest_route=\/wp\/v2\/posts\/784\/revisions"}],"predecessor-version":[{"id":792,"href":"https:\/\/www.dirkhagen.eu\/WordPress_01\/index.php?rest_route=\/wp\/v2\/posts\/784\/revisions\/792"}],"wp:attachment":[{"href":"https:\/\/www.dirkhagen.eu\/WordPress_01\/index.php?rest_route=%2Fwp%2Fv2%2Fmedia&parent=784"}],"wp:term":[{"taxonomy":"category","embeddable":true,"href":"https:\/\/www.dirkhagen.eu\/WordPress_01\/index.php?rest_route=%2Fwp%2Fv2%2Fcategories&post=784"},{"taxonomy":"post_tag","embeddable":true,"href":"https:\/\/www.dirkhagen.eu\/WordPress_01\/index.php?rest_route=%2Fwp%2Fv2%2Ftags&post=784"}],"curies":[{"name":"wp","href":"https:\/\/api.w.org\/{rel}","templated":true}]}}